{"id":604,"date":"2020-12-05T15:15:35","date_gmt":"2020-12-05T14:15:35","guid":{"rendered":"https:\/\/lavafest.com\/cms\/?p=604"},"modified":"2020-12-05T15:18:03","modified_gmt":"2020-12-05T14:18:03","slug":"kako-je-urejena-mnozica-q-pokazi-da-je-med-dvema-racionalnima-steviloma-vsaj-se-eno-racionalno-stevilo","status":"publish","type":"post","link":"https:\/\/lavafest.com\/cms\/2020\/12\/05\/kako-je-urejena-mnozica-q-pokazi-da-je-med-dvema-racionalnima-steviloma-vsaj-se-eno-racionalno-stevilo\/","title":{"rendered":"Kako je urejena mno\u017eica Q? Poka\u017ei, da je med dvema racionalnima \u0161teviloma vsaj \u0161e eno racionalno \u0161tevilo."},"content":{"rendered":"<p><img loading=\"lazy\" decoding=\"async\" src=\"https:\/\/lavafest.com\/cms\/wp-content\/uploads\/2020\/12\/Kako-je-urejena-mnozica-Q-Pokazi-da-je-med-dvema-racionalnima-steviloma-vsaj-se-eno-racionalno-stevilo.jpg\" alt=\"\" width=\"1081\" height=\"519\" class=\"alignnone size-full wp-image-607\" srcset=\"https:\/\/lavafest.com\/cms\/wp-content\/uploads\/2020\/12\/Kako-je-urejena-mnozica-Q-Pokazi-da-je-med-dvema-racionalnima-steviloma-vsaj-se-eno-racionalno-stevilo.jpg 1081w, https:\/\/lavafest.com\/cms\/wp-content\/uploads\/2020\/12\/Kako-je-urejena-mnozica-Q-Pokazi-da-je-med-dvema-racionalnima-steviloma-vsaj-se-eno-racionalno-stevilo-300x144.jpg 300w, https:\/\/lavafest.com\/cms\/wp-content\/uploads\/2020\/12\/Kako-je-urejena-mnozica-Q-Pokazi-da-je-med-dvema-racionalnima-steviloma-vsaj-se-eno-racionalno-stevilo-1024x492.jpg 1024w, https:\/\/lavafest.com\/cms\/wp-content\/uploads\/2020\/12\/Kako-je-urejena-mnozica-Q-Pokazi-da-je-med-dvema-racionalnima-steviloma-vsaj-se-eno-racionalno-stevilo-768x369.jpg 768w\" sizes=\"(max-width: 1081px) 100vw, 1081px\" \/><\/p>\n","protected":false},"excerpt":{"rendered":"<div class=\"mh-excerpt\"><p>Kako je urejena mno\u017eica Q? Poka\u017ei, da je med dvema racionalnima \u0161teviloma vsaj \u0161e eno racionalno \u0161tevilo. <a class=\"mh-excerpt-more\" href=\"https:\/\/lavafest.com\/cms\/2020\/12\/05\/kako-je-urejena-mnozica-q-pokazi-da-je-med-dvema-racionalnima-steviloma-vsaj-se-eno-racionalno-stevilo\/\" title=\"Kako je urejena mno\u017eica Q? Poka\u017ei, da je med dvema racionalnima \u0161teviloma vsaj \u0161e eno racionalno \u0161tevilo.\">[&#8230;]<\/a><\/p>\n<\/div>","protected":false},"author":1,"featured_media":605,"comment_status":"closed","ping_status":"closed","sticky":false,"template":"","format":"standard","meta":{"_jetpack_memberships_contains_paid_content":false,"footnotes":"","jetpack_publicize_message":"","jetpack_publicize_feature_enabled":true,"jetpack_social_post_already_shared":true,"jetpack_social_options":{"image_generator_settings":{"template":"highway","enabled":false},"version":2}},"categories":[12],"tags":[],"class_list":{"0":"post-604","1":"post","2":"type-post","3":"status-publish","4":"format-standard","5":"has-post-thumbnail","7":"category-matura-iz-matematike"},"jetpack_publicize_connections":[],"jetpack_featured_media_url":"https:\/\/lavafest.com\/cms\/wp-content\/uploads\/2020\/12\/Kako-je-urejena-mnozica-Q-Pokazi-da-je-med-dvema-racionalnima-steviloma-vsaj-logo.jpg","jetpack_sharing_enabled":true,"_links":{"self":[{"href":"https:\/\/lavafest.com\/cms\/wp-json\/wp\/v2\/posts\/604"}],"collection":[{"href":"https:\/\/lavafest.com\/cms\/wp-json\/wp\/v2\/posts"}],"about":[{"href":"https:\/\/lavafest.com\/cms\/wp-json\/wp\/v2\/types\/post"}],"author":[{"embeddable":true,"href":"https:\/\/lavafest.com\/cms\/wp-json\/wp\/v2\/users\/1"}],"replies":[{"embeddable":true,"href":"https:\/\/lavafest.com\/cms\/wp-json\/wp\/v2\/comments?post=604"}],"version-history":[{"count":1,"href":"https:\/\/lavafest.com\/cms\/wp-json\/wp\/v2\/posts\/604\/revisions"}],"predecessor-version":[{"id":608,"href":"https:\/\/lavafest.com\/cms\/wp-json\/wp\/v2\/posts\/604\/revisions\/608"}],"wp:featuredmedia":[{"embeddable":true,"href":"https:\/\/lavafest.com\/cms\/wp-json\/wp\/v2\/media\/605"}],"wp:attachment":[{"href":"https:\/\/lavafest.com\/cms\/wp-json\/wp\/v2\/media?parent=604"}],"wp:term":[{"taxonomy":"category","embeddable":true,"href":"https:\/\/lavafest.com\/cms\/wp-json\/wp\/v2\/categories?post=604"},{"taxonomy":"post_tag","embeddable":true,"href":"https:\/\/lavafest.com\/cms\/wp-json\/wp\/v2\/tags?post=604"}],"curies":[{"name":"wp","href":"https:\/\/api.w.org\/{rel}","templated":true}]}}