{"id":616,"date":"2020-12-08T05:21:36","date_gmt":"2020-12-08T04:21:36","guid":{"rendered":"https:\/\/lavafest.com\/cms\/?p=616"},"modified":"2020-12-09T06:36:46","modified_gmt":"2020-12-09T05:36:46","slug":"kaj-lahko-poves-o-decimalnem-zapisu-racionalnega-stevila-kdaj-je-koncen","status":"publish","type":"post","link":"https:\/\/lavafest.com\/cms\/2020\/12\/08\/kaj-lahko-poves-o-decimalnem-zapisu-racionalnega-stevila-kdaj-je-koncen\/","title":{"rendered":"Kaj lahko pove\u0161 o decimalnem zapisu racionalnega \u0161tevila? Kdaj je kon\u010den?"},"content":{"rendered":"<p><img loading=\"lazy\" decoding=\"async\" src=\"https:\/\/lavafest.com\/cms\/wp-content\/uploads\/2020\/12\/Kaj-lahko-poves-o-decimalnem-zapisu-racionalnega-stevila-Kdaj-je-koncen.jpg\" alt=\"\" width=\"1081\" height=\"506\" class=\"alignnone size-full wp-image-617\" srcset=\"https:\/\/lavafest.com\/cms\/wp-content\/uploads\/2020\/12\/Kaj-lahko-poves-o-decimalnem-zapisu-racionalnega-stevila-Kdaj-je-koncen.jpg 1081w, https:\/\/lavafest.com\/cms\/wp-content\/uploads\/2020\/12\/Kaj-lahko-poves-o-decimalnem-zapisu-racionalnega-stevila-Kdaj-je-koncen-300x140.jpg 300w, https:\/\/lavafest.com\/cms\/wp-content\/uploads\/2020\/12\/Kaj-lahko-poves-o-decimalnem-zapisu-racionalnega-stevila-Kdaj-je-koncen-1024x479.jpg 1024w, https:\/\/lavafest.com\/cms\/wp-content\/uploads\/2020\/12\/Kaj-lahko-poves-o-decimalnem-zapisu-racionalnega-stevila-Kdaj-je-koncen-768x359.jpg 768w\" sizes=\"(max-width: 1081px) 100vw, 1081px\" \/><\/p>\n","protected":false},"excerpt":{"rendered":"<div class=\"mh-excerpt\"><p>Kaj lahko pove\u0161 o decimalnem zapisu racionalnega \u0161tevila? Kdaj je kon\u010den? <a class=\"mh-excerpt-more\" href=\"https:\/\/lavafest.com\/cms\/2020\/12\/08\/kaj-lahko-poves-o-decimalnem-zapisu-racionalnega-stevila-kdaj-je-koncen\/\" title=\"Kaj lahko pove\u0161 o decimalnem zapisu racionalnega \u0161tevila? Kdaj je kon\u010den?\">[&#8230;]<\/a><\/p>\n<\/div>","protected":false},"author":1,"featured_media":618,"comment_status":"closed","ping_status":"closed","sticky":false,"template":"","format":"standard","meta":{"_jetpack_memberships_contains_paid_content":false,"footnotes":"","jetpack_publicize_message":"","jetpack_publicize_feature_enabled":true,"jetpack_social_post_already_shared":true,"jetpack_social_options":{"image_generator_settings":{"template":"highway","enabled":false},"version":2}},"categories":[12],"tags":[],"class_list":{"0":"post-616","1":"post","2":"type-post","3":"status-publish","4":"format-standard","5":"has-post-thumbnail","7":"category-matura-iz-matematike"},"jetpack_publicize_connections":[],"jetpack_featured_media_url":"https:\/\/lavafest.com\/cms\/wp-content\/uploads\/2020\/12\/Kaj-lahko-poves-o-decimalnem-zapisu-racionalnega-stevila-Kdaj-je-koncen-logo.jpg","jetpack_sharing_enabled":true,"_links":{"self":[{"href":"https:\/\/lavafest.com\/cms\/wp-json\/wp\/v2\/posts\/616"}],"collection":[{"href":"https:\/\/lavafest.com\/cms\/wp-json\/wp\/v2\/posts"}],"about":[{"href":"https:\/\/lavafest.com\/cms\/wp-json\/wp\/v2\/types\/post"}],"author":[{"embeddable":true,"href":"https:\/\/lavafest.com\/cms\/wp-json\/wp\/v2\/users\/1"}],"replies":[{"embeddable":true,"href":"https:\/\/lavafest.com\/cms\/wp-json\/wp\/v2\/comments?post=616"}],"version-history":[{"count":1,"href":"https:\/\/lavafest.com\/cms\/wp-json\/wp\/v2\/posts\/616\/revisions"}],"predecessor-version":[{"id":620,"href":"https:\/\/lavafest.com\/cms\/wp-json\/wp\/v2\/posts\/616\/revisions\/620"}],"wp:featuredmedia":[{"embeddable":true,"href":"https:\/\/lavafest.com\/cms\/wp-json\/wp\/v2\/media\/618"}],"wp:attachment":[{"href":"https:\/\/lavafest.com\/cms\/wp-json\/wp\/v2\/media?parent=616"}],"wp:term":[{"taxonomy":"category","embeddable":true,"href":"https:\/\/lavafest.com\/cms\/wp-json\/wp\/v2\/categories?post=616"},{"taxonomy":"post_tag","embeddable":true,"href":"https:\/\/lavafest.com\/cms\/wp-json\/wp\/v2\/tags?post=616"}],"curies":[{"name":"wp","href":"https:\/\/api.w.org\/{rel}","templated":true}]}}